{"id":1081,"date":"2019-05-01T19:37:25","date_gmt":"2019-05-01T17:37:25","guid":{"rendered":"http:\/\/www.cgtcd06.fr\/?p=1081"},"modified":"2019-05-01T19:40:17","modified_gmt":"2019-05-01T17:40:17","slug":"pour-ma-retraite-quand-et-avec-combien-je-partirai","status":"publish","type":"post","link":"https:\/\/www.cgtcd06.fr\/?p=1081","title":{"rendered":"Pour ma retraite, quand et avec combien je partirai ?"},"content":{"rendered":"<div class=\"wpb-content-wrapper\">[vc_row][vc_column][vc_column_text]\n<p><\/p>\n\n\n\n<p><\/p>\n[\/vc_column_text][\/vc_column][\/vc_row][vc_row][vc_column][vc_column_text css_animation=\u00a0\u00bbfadeInLeftBig\u00a0\u00bb]<h2><span style=\"color: #ff0000;\">Pas de hasard pour ma retraite, je veux savoir quand et avec combien je partirai\u00a0!<\/span><\/h2>\n<p style=\"font-weight: 400;\">Publi\u00e9 le\u00a0: 1er avril 2019<\/p>\n<h5><span style=\"color: #ffffff;\">La CGT, depuis d\u00e9j\u00e0 plusieurs mois, alerte le grand public sur les dangers de la r\u00e9forme des retraites qui ne dit pas son nom : Pr\u00e9carit\u00e9 ! Alors que le projet de loi sur la r\u00e9forme des retraites sera pr\u00e9sent\u00e9 cet \u00e9t\u00e9 au Parlement et que la cacophonie\u00a0(&#8230;)<\/span><\/h5>[\/vc_column_text][\/vc_column][\/vc_row][vc_row][vc_column][vc_video link=\u00a0\u00bbhttps:\/\/www.youtube.com\/watch?time_continue=1&#038;v=QEWxu6REicc\u00a0\u00bb css_animation=\u00a0\u00bbtop-to-bottom\u00a0\u00bb][\/vc_column][\/vc_row]<\/div>","protected":false},"excerpt":{"rendered":"<p>[vc_row][vc_column][vc_column_text] [\/vc_column_text][\/vc_column][\/vc_row][vc_row][vc_column][vc_column_text css_animation=\u00a0\u00bbfadeInLeftBig\u00a0\u00bb] Pas de hasard pour ma retraite, je veux savoir quand et avec combien je partirai\u00a0! Publi\u00e9 le\u00a0: 1er avril 2019 La CGT, depuis d\u00e9j\u00e0 plusieurs mois, alerte le grand public sur les dangers de la r\u00e9forme des retraites qui ne dit pas son nom : Pr\u00e9carit\u00e9 ! Alors que le projet de <a class=\"more-link\" href=\"https:\/\/www.cgtcd06.fr\/?p=1081\">Lire la suite &#8230;<\/a><\/p>\n","protected":false},"author":2,"featured_media":0,"comment_status":"closed","ping_status":"open","sticky":false,"template":"","format":"standard","meta":{"footnotes":""},"categories":[1],"tags":[],"_links":{"self":[{"href":"https:\/\/www.cgtcd06.fr\/index.php?rest_route=\/wp\/v2\/posts\/1081"}],"collection":[{"href":"https:\/\/www.cgtcd06.fr\/index.php?rest_route=\/wp\/v2\/posts"}],"about":[{"href":"https:\/\/www.cgtcd06.fr\/index.php?rest_route=\/wp\/v2\/types\/post"}],"author":[{"embeddable":true,"href":"https:\/\/www.cgtcd06.fr\/index.php?rest_route=\/wp\/v2\/users\/2"}],"replies":[{"embeddable":true,"href":"https:\/\/www.cgtcd06.fr\/index.php?rest_route=%2Fwp%2Fv2%2Fcomments&post=1081"}],"version-history":[{"count":2,"href":"https:\/\/www.cgtcd06.fr\/index.php?rest_route=\/wp\/v2\/posts\/1081\/revisions"}],"predecessor-version":[{"id":1083,"href":"https:\/\/www.cgtcd06.fr\/index.php?rest_route=\/wp\/v2\/posts\/1081\/revisions\/1083"}],"wp:attachment":[{"href":"https:\/\/www.cgtcd06.fr\/index.php?rest_route=%2Fwp%2Fv2%2Fmedia&parent=1081"}],"wp:term":[{"taxonomy":"category","embeddable":true,"href":"https:\/\/www.cgtcd06.fr\/index.php?rest_route=%2Fwp%2Fv2%2Fcategories&post=1081"},{"taxonomy":"post_tag","embeddable":true,"href":"https:\/\/www.cgtcd06.fr\/index.php?rest_route=%2Fwp%2Fv2%2Ftags&post=1081"}],"curies":[{"name":"wp","href":"https:\/\/api.w.org\/{rel}","templated":true}]}}