{"id":1084,"date":"2019-05-01T19:42:22","date_gmt":"2019-05-01T17:42:22","guid":{"rendered":"http:\/\/www.cgtcd06.fr\/?p=1084"},"modified":"2019-05-01T19:45:04","modified_gmt":"2019-05-01T17:45:04","slug":"9-mai-pour-la-fonction-publique-amplifions-la-mobilisation","status":"publish","type":"post","link":"https:\/\/www.cgtcd06.fr\/?p=1084","title":{"rendered":"9 mai : pour la Fonction publique, amplifions la mobilisation !"},"content":{"rendered":"<div class=\"wpb-content-wrapper\"><p>[vc_row][vc_column][vc_column_text]<\/p>\n<h2><span style=\"color: #ff0000;\">9 mai\u00a0: pour la Fonction publique, amplifions la mobilisation\u00a0!<\/span><\/h2>\n<p style=\"font-weight: 400;\">Publi\u00e9 le\u00a0: 27 mars 2019<\/p>\n<h5><span style=\"color: #ffffff;\">Alors que des attaques sans pr\u00e9c\u00e9dents se pr\u00e9parent \u00e0 travers la loi dite de transformation de la Fonction publique, les organisations repr\u00e9sentatives de la Fonction publique \u2013 CFDT-CFTC\u2013CGC\u2013CGT\u2013FAFP\u2013FO-FSU\u2013Solidaires\u2013UNSA \u2013 appellent \u00e0 l\u2019organisation de\u00a0(&#8230;)<\/span><\/h5>\n<p>[\/vc_column_text][\/vc_column][\/vc_row][vc_row][vc_column][vc_video link=\u00a0\u00bbhttps:\/\/www.youtube.com\/watch?v=60naH0rR8bc\u00a0\u00bb css_animation=\u00a0\u00bbzoomInDown\u00a0\u00bb][\/vc_column][\/vc_row]<\/p>\n<\/div>","protected":false},"excerpt":{"rendered":"<p>[vc_row][vc_column][vc_column_text] 9 mai\u00a0: pour la Fonction publique, amplifions la mobilisation\u00a0! Publi\u00e9 le\u00a0: 27 mars 2019 Alors que des attaques sans pr\u00e9c\u00e9dents se pr\u00e9parent \u00e0 travers la loi dite de transformation de la Fonction publique, les organisations repr\u00e9sentatives de la Fonction publique \u2013 CFDT-CFTC\u2013CGC\u2013CGT\u2013FAFP\u2013FO-FSU\u2013Solidaires\u2013UNSA \u2013 appellent \u00e0 l\u2019organisation de\u00a0(&#8230;) [\/vc_column_text][\/vc_column][\/vc_row][vc_row][vc_column][vc_video link=\u00a0\u00bbhttps:\/\/www.youtube.com\/watch?v=60naH0rR8bc\u00a0\u00bb css_animation=\u00a0\u00bbzoomInDown\u00a0\u00bb][\/vc_column][\/vc_row]<\/p>\n","protected":false},"author":2,"featured_media":0,"comment_status":"closed","ping_status":"open","sticky":false,"template":"","format":"standard","meta":{"footnotes":""},"categories":[1],"tags":[],"_links":{"self":[{"href":"https:\/\/www.cgtcd06.fr\/index.php?rest_route=\/wp\/v2\/posts\/1084"}],"collection":[{"href":"https:\/\/www.cgtcd06.fr\/index.php?rest_route=\/wp\/v2\/posts"}],"about":[{"href":"https:\/\/www.cgtcd06.fr\/index.php?rest_route=\/wp\/v2\/types\/post"}],"author":[{"embeddable":true,"href":"https:\/\/www.cgtcd06.fr\/index.php?rest_route=\/wp\/v2\/users\/2"}],"replies":[{"embeddable":true,"href":"https:\/\/www.cgtcd06.fr\/index.php?rest_route=%2Fwp%2Fv2%2Fcomments&post=1084"}],"version-history":[{"count":2,"href":"https:\/\/www.cgtcd06.fr\/index.php?rest_route=\/wp\/v2\/posts\/1084\/revisions"}],"predecessor-version":[{"id":1086,"href":"https:\/\/www.cgtcd06.fr\/index.php?rest_route=\/wp\/v2\/posts\/1084\/revisions\/1086"}],"wp:attachment":[{"href":"https:\/\/www.cgtcd06.fr\/index.php?rest_route=%2Fwp%2Fv2%2Fmedia&parent=1084"}],"wp:term":[{"taxonomy":"category","embeddable":true,"href":"https:\/\/www.cgtcd06.fr\/index.php?rest_route=%2Fwp%2Fv2%2Fcategories&post=1084"},{"taxonomy":"post_tag","embeddable":true,"href":"https:\/\/www.cgtcd06.fr\/index.php?rest_route=%2Fwp%2Fv2%2Ftags&post=1084"}],"curies":[{"name":"wp","href":"https:\/\/api.w.org\/{rel}","templated":true}]}}